{"id":950,"date":"2015-06-09T06:04:40","date_gmt":"2015-06-09T06:04:40","guid":{"rendered":"http:\/\/bizimkokpit.com\/?p=950"},"modified":"2015-07-06T06:36:02","modified_gmt":"2015-07-06T06:36:02","slug":"havalimani-mi-havaalani-mi","status":"publish","type":"post","link":"https:\/\/bizimkokpit.com\/index.php\/2015\/06\/09\/havalimani-mi-havaalani-mi\/","title":{"rendered":"Havaliman\u0131 m\u0131, Havaalan\u0131 m\u0131?"},"content":{"rendered":"<p>Farkl\u0131 kullan\u0131mlar\u0131n\u0131 duydu\u011fumuz ve belki g\u00fcnl\u00fck konu\u015fmada \u00e7ok da dikkat etmedi\u011fimiz bir konu havaliman\u0131 m\u0131 yoksa havaalan\u0131 kullan\u0131m\u0131 daha do\u011fru, yoksa birbirinin yerine ge\u00e7i\u015fli olarak kullan\u0131labilir mi? DHM\u0130&#8217;nin terimler k\u0131sm\u0131nda \u015fu \u015fekilde ge\u00e7iyor iki terim;<\/p>\n<p><strong>Havaalan\u0131<\/strong><\/p>\n<p>Uluslararas\u0131 hava trafi\u011fi, geli\u015f ve gidi\u015flerine hizmet vermek amac\u0131yla tesis edilmi\u015f olup, g\u00fcmr\u00fck, g\u00f6\u00e7menlik, halk sa\u011f- l\u0131\u011f\u0131, hayvan ve bitki karantina i\u015flemleri ve benzeri i\u015flemlerin b\u00fcnyesinde vakit kaybedilmeksizin y\u00fcr\u00fct\u00fcld\u00fc\u011f\u00fc havaalan\u0131d\u0131r.<\/p>\n<p>&nbsp;<\/p>\n<p><strong>Havaliman\u0131<\/strong><\/p>\n<p>Uluslararas\u0131 hava trafi\u011fi, geli\u015f ve gidi\u015flerine hizmet vermek amac\u0131yla tesis edilmi\u015f olup, g\u00fcmr\u00fck, g\u00f6\u00e7menlik, halk sa\u011f- l\u0131\u011f\u0131, hayvan ve bitki karantina i\u015flemleri ve benzeri i\u015flemlerin b\u00fcnyesinde vakit kaybedilmeksizin y\u00fcr\u00fct\u00fcld\u00fc\u011f\u00fc havaalan\u0131d\u0131r.<\/p>\n<p>&nbsp;<\/p>\n<p>\u00d6zetle yurt d\u0131\u015f\u0131 u\u00e7u\u015flar\u0131n yap\u0131ld\u0131\u011f\u0131, g\u00fcmr\u00fc\u011f\u00fcn bulundu\u011fu havaalanlar\u0131 i\u00e7in havaliman\u0131, sadece yurt i\u00e7i u\u00e7u\u015flar\u0131n yap\u0131ld\u0131\u011f\u0131 yerler havaalan\u0131 olarak tabir edilir.<\/p>\n<p>&nbsp;<\/p>\n<p>Fakat\u00a0DHM\u0130 Y\u00f6netim Kurulu, 18 \u015eubat 2012\u00a0tarihli toplant\u0131s\u0131nda alm\u0131\u015f oldu\u011fu kararla havaliman\u0131\/havaalan\u0131 kar\u0131\u015f\u0131kl\u0131\u011f\u0131na bir son verdi. DHM\u0130 Genel M\u00fcd\u00fcrl\u00fc\u011f\u00fc i\u015fletimindeki t\u00fcm havaalanlar\u0131n\u0131n te\u015fkilat yap\u0131lar\u0131nda de\u011fi\u015fiklik yap\u0131lmaks\u0131z\u0131n, bundan sonra 31 havaalan\u0131n\u0131n ismi &#8220;Havaliman\u0131 (Airport)&#8221; olarak de\u011fi\u015ftirildi.<\/p>\n<p>&nbsp;<\/p>\n<p>Al\u0131nan karar do\u011frultusunda A\u011fr\u0131, Kars gibi havalan\u0131 olarak adland\u0131r\u0131lan 31 havaalan\u0131nda terminal i\u00e7i ve terminal d\u0131\u015f\u0131 t\u00fcm kullan\u0131mlarda &#8220;Havaalan\u0131&#8221; ibaresinin kald\u0131r\u0131l\u0131p yerine &#8220;Havaliman\u0131&#8221; yaz\u0131lmas\u0131 i\u00e7in gerekli t\u00fcm \u00e7al\u0131\u015fmalar ba\u015flat\u0131ld\u0131.<\/p>\n<p>&nbsp;<\/p>\n<p><img loading=\"lazy\" decoding=\"async\" class=\" wp-image-958\" src=\"http:\/\/bizimkokpit.com\/wp-content\/uploads\/2015\/06\/ercan-havalimani-wide1-300x101.jpg\" alt=\"izmir ihale ilan 39x26 newsport\" width=\"772\" height=\"189\" \/><\/p>\n","protected":false},"excerpt":{"rendered":"<p>Farkl\u0131 kullan\u0131mlar\u0131n\u0131 duydu\u011fumuz ve belki g\u00fcnl\u00fck konu\u015fmada \u00e7ok da dikkat etmedi\u011fimiz bir konu havaliman\u0131 m\u0131 yoksa havaalan\u0131 kullan\u0131m\u0131 daha do\u011fru, yoksa birbirinin yerine ge\u00e7i\u015fli olarak kullan\u0131labilir mi? DHM\u0130&#8217;nin terimler k\u0131sm\u0131nda \u015fu \u015fekilde ge\u00e7iyor iki terim; Havaalan\u0131 Uluslararas\u0131 hava trafi\u011fi, geli\u015f ve gidi\u015flerine hizmet vermek amac\u0131yla tesis edilmi\u015f olup, g\u00fcmr\u00fck, g\u00f6\u00e7menlik, halk sa\u011f- l\u0131\u011f\u0131, hayvan ve<\/p>\n","protected":false},"author":1,"featured_media":1139,"comment_status":"open","ping_status":"open","sticky":false,"template":"","format":"standard","meta":{"footnotes":""},"categories":[1,68],"tags":[],"class_list":["post-950","post","type-post","status-publish","format-standard","has-post-thumbnail","hentry","category-genel","category-merak-edilenler"],"_links":{"self":[{"href":"https:\/\/bizimkokpit.com\/index.php\/wp-json\/wp\/v2\/posts\/950","targetHints":{"allow":["GET"]}}],"collection":[{"href":"https:\/\/bizimkokpit.com\/index.php\/wp-json\/wp\/v2\/posts"}],"about":[{"href":"https:\/\/bizimkokpit.com\/index.php\/wp-json\/wp\/v2\/types\/post"}],"author":[{"embeddable":true,"href":"https:\/\/bizimkokpit.com\/index.php\/wp-json\/wp\/v2\/users\/1"}],"replies":[{"embeddable":true,"href":"https:\/\/bizimkokpit.com\/index.php\/wp-json\/wp\/v2\/comments?post=950"}],"version-history":[{"count":9,"href":"https:\/\/bizimkokpit.com\/index.php\/wp-json\/wp\/v2\/posts\/950\/revisions"}],"predecessor-version":[{"id":960,"href":"https:\/\/bizimkokpit.com\/index.php\/wp-json\/wp\/v2\/posts\/950\/revisions\/960"}],"wp:featuredmedia":[{"embeddable":true,"href":"https:\/\/bizimkokpit.com\/index.php\/wp-json\/wp\/v2\/media\/1139"}],"wp:attachment":[{"href":"https:\/\/bizimkokpit.com\/index.php\/wp-json\/wp\/v2\/media?parent=950"}],"wp:term":[{"taxonomy":"category","embeddable":true,"href":"https:\/\/bizimkokpit.com\/index.php\/wp-json\/wp\/v2\/categories?post=950"},{"taxonomy":"post_tag","embeddable":true,"href":"https:\/\/bizimkokpit.com\/index.php\/wp-json\/wp\/v2\/tags?post=950"}],"curies":[{"name":"wp","href":"https:\/\/api.w.org\/{rel}","templated":true}]}}