{"id":871,"date":"2012-04-17T21:30:06","date_gmt":"2012-04-17T21:30:06","guid":{"rendered":"http:\/\/bizimkokpit.com\/?p=871"},"modified":"2015-06-04T21:30:46","modified_gmt":"2015-06-04T21:30:46","slug":"yolcu-ucaklari-ne-kadar-suratlidir","status":"publish","type":"post","link":"https:\/\/bizimkokpit.com\/index.php\/2012\/04\/17\/yolcu-ucaklari-ne-kadar-suratlidir\/","title":{"rendered":"Yolcu u\u00e7aklar\u0131 ne kadar s\u00fcratlidir?"},"content":{"rendered":"<p>G\u00fcn\u00fcm\u00fcz yolcu u\u00e7aklar\u0131 subsonic u\u00e7aklard\u0131r yani ses h\u0131z\u0131n\u0131n alt\u0131nda u\u00e7u\u015f yaparlar.<br \/>\nTicari jet u\u00e7aklar\u0131 10.000 fitin \u00fczerinde saatte 700-900 km aras\u0131nda s\u00fcrat yaparlar.<br \/>\nSes h\u0131z\u0131n\u0131n \u00fczerinde u\u00e7u\u015f yapan s\u00fcpersoniz tek yolcu u\u00e7a\u011f\u0131 olan Concorde ise az yolcu kapasitesi, a\u015f\u0131r\u0131 yak\u0131t t\u00fcketimi, y\u00fcksek u\u00e7u\u015f maliyeti ve teknik sorunlar nedeni ile u\u00e7u\u015ftan kald\u0131r\u0131larak m\u00fczelerde yerini alm\u0131\u015ft\u0131r.<\/p>\n<div>Fakat motorlar\u0131n iti\u015f g\u00fcc\u00fcn\u00fc art\u0131racak farkl\u0131 yak\u0131t se\u00e7eneklerinin, u\u00e7ak yap\u0131sal malzemelerindeki geli\u015fmelerin bu h\u0131zla devam etmesi durumunda ses h\u0131z\u0131n\u0131n iki kat\u0131 kadar s\u00fcratli \u00e7ok yolcu kapasiteli u\u00e7aklar\u0131n \u00fcretilmesini beklemek hayal de\u011fildir.<\/div>\n<p>&nbsp;<\/p>\n","protected":false},"excerpt":{"rendered":"<p>G\u00fcn\u00fcm\u00fcz yolcu u\u00e7aklar\u0131 subsonic u\u00e7aklard\u0131r yani ses h\u0131z\u0131n\u0131n alt\u0131nda u\u00e7u\u015f yaparlar. Ticari jet u\u00e7aklar\u0131 10.000 fitin \u00fczerinde saatte 700-900 km aras\u0131nda s\u00fcrat yaparlar. Ses h\u0131z\u0131n\u0131n \u00fczerinde u\u00e7u\u015f yapan s\u00fcpersoniz tek yolcu u\u00e7a\u011f\u0131 olan Concorde ise az yolcu kapasitesi, a\u015f\u0131r\u0131 yak\u0131t t\u00fcketimi, y\u00fcksek u\u00e7u\u015f maliyeti ve teknik sorunlar nedeni ile u\u00e7u\u015ftan kald\u0131r\u0131larak m\u00fczelerde yerini alm\u0131\u015ft\u0131r. Fakat<\/p>\n","protected":false},"author":1,"featured_media":0,"comment_status":"open","ping_status":"open","sticky":false,"template":"","format":"standard","meta":{"footnotes":""},"categories":[68],"tags":[],"class_list":["post-871","post","type-post","status-publish","format-standard","hentry","category-merak-edilenler"],"_links":{"self":[{"href":"https:\/\/bizimkokpit.com\/index.php\/wp-json\/wp\/v2\/posts\/871","targetHints":{"allow":["GET"]}}],"collection":[{"href":"https:\/\/bizimkokpit.com\/index.php\/wp-json\/wp\/v2\/posts"}],"about":[{"href":"https:\/\/bizimkokpit.com\/index.php\/wp-json\/wp\/v2\/types\/post"}],"author":[{"embeddable":true,"href":"https:\/\/bizimkokpit.com\/index.php\/wp-json\/wp\/v2\/users\/1"}],"replies":[{"embeddable":true,"href":"https:\/\/bizimkokpit.com\/index.php\/wp-json\/wp\/v2\/comments?post=871"}],"version-history":[{"count":1,"href":"https:\/\/bizimkokpit.com\/index.php\/wp-json\/wp\/v2\/posts\/871\/revisions"}],"predecessor-version":[{"id":872,"href":"https:\/\/bizimkokpit.com\/index.php\/wp-json\/wp\/v2\/posts\/871\/revisions\/872"}],"wp:attachment":[{"href":"https:\/\/bizimkokpit.com\/index.php\/wp-json\/wp\/v2\/media?parent=871"}],"wp:term":[{"taxonomy":"category","embeddable":true,"href":"https:\/\/bizimkokpit.com\/index.php\/wp-json\/wp\/v2\/categories?post=871"},{"taxonomy":"post_tag","embeddable":true,"href":"https:\/\/bizimkokpit.com\/index.php\/wp-json\/wp\/v2\/tags?post=871"}],"curies":[{"name":"wp","href":"https:\/\/api.w.org\/{rel}","templated":true}]}}