{"id":861,"date":"2014-08-24T21:23:26","date_gmt":"2014-08-24T21:23:26","guid":{"rendered":"http:\/\/bizimkokpit.com\/?p=861"},"modified":"2015-06-04T21:24:16","modified_gmt":"2015-06-04T21:24:16","slug":"limit-alti-hava-durumu-ne-demek","status":"publish","type":"post","link":"https:\/\/bizimkokpit.com\/index.php\/2014\/08\/24\/limit-alti-hava-durumu-ne-demek\/","title":{"rendered":"Limit alt\u0131 hava durumu ne demek?"},"content":{"rendered":"<p>Bir u\u00e7u\u015fun ba\u015flat\u0131labilmesi i\u00e7in kalk\u0131\u015f meydan\u0131, var\u0131\u015f meydan\u0131ndaki ve yedek meydandaki hava durumlar\u0131n\u0131n operasyon limitlerinde olmas\u0131 gerekir. Peki, bu ne demektir?<br \/>\n\u00d6rnek: Diyelim ki Van meydan\u0131na sefer yapaca\u011f\u0131z. Van meydan\u0131nda ILS (aletle ini\u015f sistemi) gibi hassas yakla\u015fma cihazlar\u0131 bulunmad\u0131\u011f\u0131ndan piste direkt yakla\u015fma yap\u0131lam\u0131yor ve meydan\u0131n fiziki \u015fartlar\u0131 da d\u00fc\u015f\u00fcn\u00fclerek meydan turlu yakla\u015fma g\u00f6r\u00fc\u015f\/tavan ini\u015f minimas\u0131 Sivil Havac\u0131l\u0131k Otoritesi taraf\u0131ndan 4800 m \/1426 ft olarak verilmi\u015f, meydan meteorolojisinin yay\u0131nlad\u0131\u011f\u0131 tahmin raporunda g\u00f6r\u00fc\u015f 4800 m den veya yerden bulut y\u00fcksekli\u011fi 1426 ft (434m) den az ise ve bu tahminin zaman periodu bizim ini\u015f saatimizi de kaps\u0131yorsa, bu \u015fartlarda bu meydana u\u00e7ak inmez, dalay\u0131s\u0131yla u\u00e7u\u015fa ba\u015flanamaz.<\/p>\n","protected":false},"excerpt":{"rendered":"<p>Bir u\u00e7u\u015fun ba\u015flat\u0131labilmesi i\u00e7in kalk\u0131\u015f meydan\u0131, var\u0131\u015f meydan\u0131ndaki ve yedek meydandaki hava durumlar\u0131n\u0131n operasyon limitlerinde olmas\u0131 gerekir. Peki, bu ne demektir? \u00d6rnek: Diyelim ki Van meydan\u0131na sefer yapaca\u011f\u0131z. Van meydan\u0131nda ILS (aletle ini\u015f sistemi) gibi hassas yakla\u015fma cihazlar\u0131 bulunmad\u0131\u011f\u0131ndan piste direkt yakla\u015fma yap\u0131lam\u0131yor ve meydan\u0131n fiziki \u015fartlar\u0131 da d\u00fc\u015f\u00fcn\u00fclerek meydan turlu yakla\u015fma g\u00f6r\u00fc\u015f\/tavan ini\u015f minimas\u0131<\/p>\n","protected":false},"author":1,"featured_media":0,"comment_status":"open","ping_status":"open","sticky":false,"template":"","format":"standard","meta":{"footnotes":""},"categories":[68],"tags":[],"class_list":["post-861","post","type-post","status-publish","format-standard","hentry","category-merak-edilenler"],"_links":{"self":[{"href":"https:\/\/bizimkokpit.com\/index.php\/wp-json\/wp\/v2\/posts\/861","targetHints":{"allow":["GET"]}}],"collection":[{"href":"https:\/\/bizimkokpit.com\/index.php\/wp-json\/wp\/v2\/posts"}],"about":[{"href":"https:\/\/bizimkokpit.com\/index.php\/wp-json\/wp\/v2\/types\/post"}],"author":[{"embeddable":true,"href":"https:\/\/bizimkokpit.com\/index.php\/wp-json\/wp\/v2\/users\/1"}],"replies":[{"embeddable":true,"href":"https:\/\/bizimkokpit.com\/index.php\/wp-json\/wp\/v2\/comments?post=861"}],"version-history":[{"count":1,"href":"https:\/\/bizimkokpit.com\/index.php\/wp-json\/wp\/v2\/posts\/861\/revisions"}],"predecessor-version":[{"id":862,"href":"https:\/\/bizimkokpit.com\/index.php\/wp-json\/wp\/v2\/posts\/861\/revisions\/862"}],"wp:attachment":[{"href":"https:\/\/bizimkokpit.com\/index.php\/wp-json\/wp\/v2\/media?parent=861"}],"wp:term":[{"taxonomy":"category","embeddable":true,"href":"https:\/\/bizimkokpit.com\/index.php\/wp-json\/wp\/v2\/categories?post=861"},{"taxonomy":"post_tag","embeddable":true,"href":"https:\/\/bizimkokpit.com\/index.php\/wp-json\/wp\/v2\/tags?post=861"}],"curies":[{"name":"wp","href":"https:\/\/api.w.org\/{rel}","templated":true}]}}